{"id":495,"date":"2021-06-06T10:24:10","date_gmt":"2021-06-06T08:24:10","guid":{"rendered":"http:\/\/clusterkef.creativetunisia.tn\/?p=495"},"modified":"2022-03-10T09:17:57","modified_gmt":"2022-03-10T08:17:57","slug":"retour-en-images-sur-la-foire-du-sahel-de-lartisanat","status":"publish","type":"post","link":"https:\/\/clusterkef.creativetunisia.tn\/index.php\/2021\/06\/06\/retour-en-images-sur-la-foire-du-sahel-de-lartisanat\/","title":{"rendered":"Retour en images sur la Foire du Sahel de l\u2019Artisanat"},"content":{"rendered":"\n<p>Retour en images sur la participation des artisans b\u00e9n\u00e9ficiaires \u00e0 la 3\u00e8me \u00e9dition de la foire du Sahel de l\u2019artisanat qui s\u2019est tenue du 28 mai au 6 juin 2021. Cette action a permis aux artisans membres du cluster d&#8217;acc\u00e9der \u00e0 des march\u00e9s nationaux et de renforcer les rencontres B TO C<\/p>\n\n\n\n<p><\/p>\n\n\n\n<div style=\"height:30px\" aria-hidden=\"true\" class=\"wp-block-spacer\"><\/div>\n\n\n\n<figure class=\"wp-block-gallery columns-3 is-cropped\"><ul class=\"blocks-gallery-grid\"><li class=\"blocks-gallery-item\"><figure><img loading=\"lazy\" width=\"1024\" height=\"1024\" src=\"http:\/\/clusterkef.creativetunisia.tn\/wp-content\/uploads\/2022\/01\/Retour-en-images-sur-la-Foire-du-Sahel-de-lArtisanat-1-1024x1024.jpg\" alt=\"\" data-id=\"499\" data-full-url=\"http:\/\/clusterkef.creativetunisia.tn\/wp-content\/uploads\/2022\/01\/Retour-en-images-sur-la-Foire-du-Sahel-de-lArtisanat-1.jpg\" data-link=\"http:\/\/clusterkef.creativetunisia.tn\/index.php\/2021\/06\/06\/retour-en-images-sur-la-foire-du-sahel-de-lartisanat\/retour-en-images-sur-la-foire-du-sahel-de-lartisanat-1\/\" class=\"wp-image-499\" srcset=\"https:\/\/clusterkef.creativetunisia.tn\/wp-content\/uploads\/2022\/01\/Retour-en-images-sur-la-Foire-du-Sahel-de-lArtisanat-1-1024x1024.jpg 1024w, https:\/\/clusterkef.creativetunisia.tn\/wp-content\/uploads\/2022\/01\/Retour-en-images-sur-la-Foire-du-Sahel-de-lArtisanat-1-300x300.jpg 300w, https:\/\/clusterkef.creativetunisia.tn\/wp-content\/uploads\/2022\/01\/Retour-en-images-sur-la-Foire-du-Sahel-de-lArtisanat-1-150x150.jpg 150w, https:\/\/clusterkef.creativetunisia.tn\/wp-content\/uploads\/2022\/01\/Retour-en-images-sur-la-Foire-du-Sahel-de-lArtisanat-1-768x768.jpg 768w, https:\/\/clusterkef.creativetunisia.tn\/wp-content\/uploads\/2022\/01\/Retour-en-images-sur-la-Foire-du-Sahel-de-lArtisanat-1.jpg 1080w\" sizes=\"(max-width: 1024px) 100vw, 1024px\" \/><\/figure><\/li><li class=\"blocks-gallery-item\"><figure><img loading=\"lazy\" width=\"1024\" height=\"1024\" src=\"http:\/\/clusterkef.creativetunisia.tn\/wp-content\/uploads\/2022\/01\/Retour-en-images-sur-la-Foire-du-Sahel-de-lArtisanat-2-1024x1024.jpg\" alt=\"\" data-id=\"500\" data-full-url=\"http:\/\/clusterkef.creativetunisia.tn\/wp-content\/uploads\/2022\/01\/Retour-en-images-sur-la-Foire-du-Sahel-de-lArtisanat-2.jpg\" data-link=\"http:\/\/clusterkef.creativetunisia.tn\/index.php\/2021\/06\/06\/retour-en-images-sur-la-foire-du-sahel-de-lartisanat\/retour-en-images-sur-la-foire-du-sahel-de-lartisanat-2-2\/\" class=\"wp-image-500\" srcset=\"https:\/\/clusterkef.creativetunisia.tn\/wp-content\/uploads\/2022\/01\/Retour-en-images-sur-la-Foire-du-Sahel-de-lArtisanat-2-1024x1024.jpg 1024w, https:\/\/clusterkef.creativetunisia.tn\/wp-content\/uploads\/2022\/01\/Retour-en-images-sur-la-Foire-du-Sahel-de-lArtisanat-2-300x300.jpg 300w, https:\/\/clusterkef.creativetunisia.tn\/wp-content\/uploads\/2022\/01\/Retour-en-images-sur-la-Foire-du-Sahel-de-lArtisanat-2-150x150.jpg 150w, https:\/\/clusterkef.creativetunisia.tn\/wp-content\/uploads\/2022\/01\/Retour-en-images-sur-la-Foire-du-Sahel-de-lArtisanat-2-768x768.jpg 768w, https:\/\/clusterkef.creativetunisia.tn\/wp-content\/uploads\/2022\/01\/Retour-en-images-sur-la-Foire-du-Sahel-de-lArtisanat-2.jpg 1080w\" sizes=\"(max-width: 1024px) 100vw, 1024px\" \/><\/figure><\/li><li class=\"blocks-gallery-item\"><figure><img loading=\"lazy\" width=\"1024\" height=\"1024\" src=\"http:\/\/clusterkef.creativetunisia.tn\/wp-content\/uploads\/2022\/01\/Retour-en-images-sur-la-Foire-du-Sahel-de-lArtisanat-3-1024x1024.jpg\" alt=\"\" data-id=\"501\" data-full-url=\"http:\/\/clusterkef.creativetunisia.tn\/wp-content\/uploads\/2022\/01\/Retour-en-images-sur-la-Foire-du-Sahel-de-lArtisanat-3.jpg\" data-link=\"http:\/\/clusterkef.creativetunisia.tn\/index.php\/2021\/06\/06\/retour-en-images-sur-la-foire-du-sahel-de-lartisanat\/retour-en-images-sur-la-foire-du-sahel-de-lartisanat-3\/\" class=\"wp-image-501\" srcset=\"https:\/\/clusterkef.creativetunisia.tn\/wp-content\/uploads\/2022\/01\/Retour-en-images-sur-la-Foire-du-Sahel-de-lArtisanat-3-1024x1024.jpg 1024w, https:\/\/clusterkef.creativetunisia.tn\/wp-content\/uploads\/2022\/01\/Retour-en-images-sur-la-Foire-du-Sahel-de-lArtisanat-3-300x300.jpg 300w, https:\/\/clusterkef.creativetunisia.tn\/wp-content\/uploads\/2022\/01\/Retour-en-images-sur-la-Foire-du-Sahel-de-lArtisanat-3-150x150.jpg 150w, https:\/\/clusterkef.creativetunisia.tn\/wp-content\/uploads\/2022\/01\/Retour-en-images-sur-la-Foire-du-Sahel-de-lArtisanat-3-768x768.jpg 768w, https:\/\/clusterkef.creativetunisia.tn\/wp-content\/uploads\/2022\/01\/Retour-en-images-sur-la-Foire-du-Sahel-de-lArtisanat-3.jpg 1080w\" sizes=\"(max-width: 1024px) 100vw, 1024px\" \/><\/figure><\/li><\/ul><\/figure>\n","protected":false},"excerpt":{"rendered":"<p>Retour en images sur la participation des artisans b\u00e9n\u00e9ficiaires \u00e0 la 3\u00e8me \u00e9dition de la foire du Sahel de l\u2019artisanat qui s\u2019est tenue du 28 mai au 6 juin 2021. Cette action a permis aux artisans membres du cluster d&#8217;acc\u00e9der \u00e0 des march\u00e9s nationaux et de renforcer les rencontres B TO C<\/p>\n","protected":false},"author":2,"featured_media":497,"comment_status":"closed","ping_status":"closed","sticky":false,"template":"","format":"standard","meta":[],"categories":[1],"tags":[],"_links":{"self":[{"href":"https:\/\/clusterkef.creativetunisia.tn\/index.php\/wp-json\/wp\/v2\/posts\/495"}],"collection":[{"href":"https:\/\/clusterkef.creativetunisia.tn\/index.php\/wp-json\/wp\/v2\/posts"}],"about":[{"href":"https:\/\/clusterkef.creativetunisia.tn\/index.php\/wp-json\/wp\/v2\/types\/post"}],"author":[{"embeddable":true,"href":"https:\/\/clusterkef.creativetunisia.tn\/index.php\/wp-json\/wp\/v2\/users\/2"}],"replies":[{"embeddable":true,"href":"https:\/\/clusterkef.creativetunisia.tn\/index.php\/wp-json\/wp\/v2\/comments?post=495"}],"version-history":[{"count":2,"href":"https:\/\/clusterkef.creativetunisia.tn\/index.php\/wp-json\/wp\/v2\/posts\/495\/revisions"}],"predecessor-version":[{"id":502,"href":"https:\/\/clusterkef.creativetunisia.tn\/index.php\/wp-json\/wp\/v2\/posts\/495\/revisions\/502"}],"wp:featuredmedia":[{"embeddable":true,"href":"https:\/\/clusterkef.creativetunisia.tn\/index.php\/wp-json\/wp\/v2\/media\/497"}],"wp:attachment":[{"href":"https:\/\/clusterkef.creativetunisia.tn\/index.php\/wp-json\/wp\/v2\/media?parent=495"}],"wp:term":[{"taxonomy":"category","embeddable":true,"href":"https:\/\/clusterkef.creativetunisia.tn\/index.php\/wp-json\/wp\/v2\/categories?post=495"},{"taxonomy":"post_tag","embeddable":true,"href":"https:\/\/clusterkef.creativetunisia.tn\/index.php\/wp-json\/wp\/v2\/tags?post=495"}],"curies":[{"name":"wp","href":"https:\/\/api.w.org\/{rel}","templated":true}]}}