{"id":503,"date":"2021-05-15T10:27:00","date_gmt":"2021-05-15T08:27:00","guid":{"rendered":"http:\/\/clusterkef.creativetunisia.tn\/?p=503"},"modified":"2022-03-10T09:17:51","modified_gmt":"2022-03-10T08:17:51","slug":"action-de-partenariat-avec-le-reseau-initiative-kef","status":"publish","type":"post","link":"https:\/\/clusterkef.creativetunisia.tn\/index.php\/2021\/05\/15\/action-de-partenariat-avec-le-reseau-initiative-kef\/","title":{"rendered":"Action de partenariat avec le r\u00e9seau Initiative Kef"},"content":{"rendered":"\n<p>Afin de pallier aux probl\u00e9matiques d\u2019approvisionnement de la laine naturelle, mati\u00e8re premi\u00e8re indispensable \u00e0 la production de klims dans la r\u00e9gion du Kef, le cluster Klim au Kef est heureux d\u2019annoncer la concr\u00e9tisation d\u2019une nouvelle action de partenariat avec le r\u00e9seau Initiative Kef.<br>Ainsi, cette plateforme financ\u00e9e par l\u2019Union europ\u00e9enne dans le cadre du programme Tounes Wijhetouna a accord\u00e9 un pr\u00eat d\u2019honneur \u00e0 taux 0% au projet de l\u2019entrepreneur et artisane Warda Saidi qui vise a\u0300 mettre en place une unit\u00e9\u0301 de collecte de la laine au profit des artisanes membres du cluster Klim Keffois.<\/p>\n\n\n\n<div style=\"height:30px\" aria-hidden=\"true\" class=\"wp-block-spacer\"><\/div>\n\n\n\n<figure class=\"wp-block-gallery columns-3 is-cropped\"><ul class=\"blocks-gallery-grid\"><li class=\"blocks-gallery-item\"><figure><img loading=\"lazy\" width=\"940\" height=\"788\" src=\"http:\/\/clusterkef.creativetunisia.tn\/wp-content\/uploads\/2022\/01\/Action-de-partenariat-avec-le-reseau-Initiative-Kef-2.png\" alt=\"\" data-id=\"506\" data-full-url=\"http:\/\/clusterkef.creativetunisia.tn\/wp-content\/uploads\/2022\/01\/Action-de-partenariat-avec-le-reseau-Initiative-Kef-2.png\" data-link=\"http:\/\/clusterkef.creativetunisia.tn\/?attachment_id=506\" class=\"wp-image-506\"\/><\/figure><\/li><li class=\"blocks-gallery-item\"><figure><img loading=\"lazy\" width=\"940\" height=\"788\" src=\"http:\/\/clusterkef.creativetunisia.tn\/wp-content\/uploads\/2022\/01\/Action-de-partenariat-avec-le-reseau-Initiative-Kef-3.png\" alt=\"\" data-id=\"507\" data-full-url=\"http:\/\/clusterkef.creativetunisia.tn\/wp-content\/uploads\/2022\/01\/Action-de-partenariat-avec-le-reseau-Initiative-Kef-3.png\" data-link=\"http:\/\/clusterkef.creativetunisia.tn\/?attachment_id=507\" class=\"wp-image-507\"\/><\/figure><\/li><li class=\"blocks-gallery-item\"><figure><img loading=\"lazy\" width=\"940\" height=\"788\" src=\"http:\/\/clusterkef.creativetunisia.tn\/wp-content\/uploads\/2022\/01\/Action-de-partenariat-avec-le-reseau-Initiative-Kef.png\" alt=\"\" data-id=\"508\" data-full-url=\"http:\/\/clusterkef.creativetunisia.tn\/wp-content\/uploads\/2022\/01\/Action-de-partenariat-avec-le-reseau-Initiative-Kef.png\" data-link=\"http:\/\/clusterkef.creativetunisia.tn\/?attachment_id=508\" class=\"wp-image-508\"\/><\/figure><\/li><\/ul><\/figure>\n","protected":false},"excerpt":{"rendered":"<p>Afin de pallier aux probl\u00e9matiques d\u2019approvisionnement de la laine naturelle, mati\u00e8re premi\u00e8re indispensable \u00e0 la production de klims dans la r\u00e9gion du Kef, le cluster Klim au Kef est heureux d\u2019annoncer la concr\u00e9tisation d\u2019une nouvelle action de partenariat avec le r\u00e9seau Initiative Kef.Ainsi, cette plateforme financ\u00e9e par l\u2019Union europ\u00e9enne dans le cadre du programme Tounes [&hellip;]<\/p>\n","protected":false},"author":2,"featured_media":505,"comment_status":"closed","ping_status":"closed","sticky":false,"template":"","format":"standard","meta":[],"categories":[1],"tags":[],"_links":{"self":[{"href":"https:\/\/clusterkef.creativetunisia.tn\/index.php\/wp-json\/wp\/v2\/posts\/503"}],"collection":[{"href":"https:\/\/clusterkef.creativetunisia.tn\/index.php\/wp-json\/wp\/v2\/posts"}],"about":[{"href":"https:\/\/clusterkef.creativetunisia.tn\/index.php\/wp-json\/wp\/v2\/types\/post"}],"author":[{"embeddable":true,"href":"https:\/\/clusterkef.creativetunisia.tn\/index.php\/wp-json\/wp\/v2\/users\/2"}],"replies":[{"embeddable":true,"href":"https:\/\/clusterkef.creativetunisia.tn\/index.php\/wp-json\/wp\/v2\/comments?post=503"}],"version-history":[{"count":2,"href":"https:\/\/clusterkef.creativetunisia.tn\/index.php\/wp-json\/wp\/v2\/posts\/503\/revisions"}],"predecessor-version":[{"id":509,"href":"https:\/\/clusterkef.creativetunisia.tn\/index.php\/wp-json\/wp\/v2\/posts\/503\/revisions\/509"}],"wp:featuredmedia":[{"embeddable":true,"href":"https:\/\/clusterkef.creativetunisia.tn\/index.php\/wp-json\/wp\/v2\/media\/505"}],"wp:attachment":[{"href":"https:\/\/clusterkef.creativetunisia.tn\/index.php\/wp-json\/wp\/v2\/media?parent=503"}],"wp:term":[{"taxonomy":"category","embeddable":true,"href":"https:\/\/clusterkef.creativetunisia.tn\/index.php\/wp-json\/wp\/v2\/categories?post=503"},{"taxonomy":"post_tag","embeddable":true,"href":"https:\/\/clusterkef.creativetunisia.tn\/index.php\/wp-json\/wp\/v2\/tags?post=503"}],"curies":[{"name":"wp","href":"https:\/\/api.w.org\/{rel}","templated":true}]}}